{"id":3633,"date":"2013-12-06T17:42:00","date_gmt":"2013-12-06T17:42:00","guid":{"rendered":"https:\/\/www.sylviebremond.com\/2013\/12\/06\/le-10-eme-colloque-emcc-la-creativite-comme-levier-du-coaching-inspirer-innover-engager-pour-demai\/"},"modified":"2013-12-06T17:42:00","modified_gmt":"2013-12-06T17:42:00","slug":"le-10-eme-colloque-emcc-la-creativite-comme-levier-du-coaching-inspirer-innover-engager-pour-demai","status":"publish","type":"post","link":"https:\/\/www.sylviebremond.com\/en\/2013\/12\/06\/le-10-eme-colloque-emcc-la-creativite-comme-levier-du-coaching-inspirer-innover-engager-pour-demai\/","title":{"rendered":"Le 10 \u00e8me Colloque EMCC :\u00ab La cr\u00e9ativit\u00e9 comme levier du coaching, Inspirer, innover, engager, pour demai"},"content":{"rendered":"<p style=\"orphans: 2; widows: 2; text-align: justify;\"><a href=\"http:\/\/www.sylviebremond.com\/wp-content\/uploads\/2014\/01\/logo_emcc_coaching.png\"><img loading=\"lazy\" decoding=\"async\" class=\"alignleft size-full wp-image-1018\" alt=\"logo_emcc_coaching\" src=\"http:\/\/www.sylviebremond.com\/wp-content\/uploads\/2014\/01\/logo_emcc_coaching.png\" width=\"169\" height=\"105\" \/><\/a>Le 10\u00e8me colloque de l&#8217;EMCC, l&#8217;Association Europ\u00e9enne professionnelle de coaching dont je suis membre, sera consacr\u00e9 \u00e0 &#8220;la cr\u00e9ativit\u00e9\u00a0comme levier de coaching&#8221;<\/p>\n<p style=\"orphans: 2; widows: 2; background-color: #ffffff; color: #4b3c30; font-family: Helvetica, Geneva, Arial, SunSans-Regular, sans-serif; font-size: 14px; margin: 0px 0px 5px; text-align: justify;\"><span style=\"line-height: 1.714285714;\">Nous sommes dans une p\u00e9riode charni\u00e8re ou la sortie de crise ne sera possible qu\u2019avec la remise en cause de nos paradigmes, tant personnels que soci\u00e9taux. Il s\u2019agit aujourd\u2019hui de nous r\u00e9inventer, de nous aventurer sur de nouveaux chemins, de cr\u00e9er de nouvelles pratiques, autant pour nous, coachs, que pour nos clients, directement confront\u00e9s aux bouleversements de leur environnement et de leurs m\u00e9tiers.<\/span><\/p>\n<p style=\"orphans: 2; widows: 2; background-color: #ffffff; color: #4b3c30; font-family: Helvetica, Geneva, Arial, SunSans-Regular, sans-serif; font-size: 14px; margin: 0px 0px 5px; text-align: justify;\">Afin de les aider \u00e0 oser,\u00a0<span style=\"color: #004a99;\"><strong>il nous faut oser nous-m\u00eames. Oser des pratiques innovantes. Oser un autre regard. Oser des id\u00e9es nouvelles.<\/strong><\/span><\/p>\n<p style=\"orphans: 2; widows: 2; background-color: #ffffff; color: #4b3c30; font-family: Helvetica, Geneva, Arial, SunSans-Regular, sans-serif; font-size: 14px; margin: 0px 0px 5px; text-align: justify;\">Pour explorer les multiples dimensions de la Cr\u00e9ativit\u00e9, sont invit\u00e9s \u00a0cette ann\u00e9e ceux qui ont initi\u00e9 cette dynamique et continuent \u00e0 la diffuser, des praticiens et des auteurs de premier plan, psycho-sociologues, professeurs, entrepreneurs,<span style=\"color: #004a99;\"><strong>\u00a0fervents partisans de la puissance cr\u00e9ative comme un levier majeur du coaching.<\/strong><\/span><\/p>\n","protected":false},"excerpt":{"rendered":"<p>Le 10\u00e8me colloque de l&#8217;EMCC, l&#8217;Association Europ\u00e9enne professionnelle de coaching dont je suis membre, sera consacr\u00e9 \u00e0 &#8220;la cr\u00e9ativit\u00e9\u00a0comme levier de coaching&#8221; Nous sommes dans une p\u00e9riode charni\u00e8re ou la sortie de crise ne sera possible qu\u2019avec la remise en cause de nos paradigmes, tant personnels que soci\u00e9taux. Il s\u2019agit aujourd\u2019hui de nous r\u00e9inventer, de [&hellip;]<\/p>\n","protected":false},"author":3,"featured_media":0,"comment_status":"open","ping_status":"open","sticky":false,"template":"","format":"standard","meta":{"_exactmetrics_skip_tracking":false,"_exactmetrics_sitenote_active":false,"_exactmetrics_sitenote_note":"","_exactmetrics_sitenote_category":0,"footnotes":""},"categories":[],"tags":[],"class_list":["post-3633","post","type-post","status-publish","format-standard","hentry"],"yoast_head":"<!-- This site is optimized with the Yoast SEO plugin v24.5 - https:\/\/yoast.com\/wordpress\/plugins\/seo\/ -->\n<title>Le 10 \u00e8me Colloque EMCC :\u00ab La cr\u00e9ativit\u00e9 comme levier du coaching, Inspirer, innover, engager, pour demai - Sylvie Br\u00e9mond Mookherjee<\/title>\n<meta name=\"robots\" content=\"index, follow, max-snippet:-1, max-image-preview:large, max-video-preview:-1\" \/>\n<link rel=\"canonical\" href=\"https:\/\/www.sylviebremond.com\/en\/2013\/12\/06\/le-10-eme-colloque-emcc-la-creativite-comme-levier-du-coaching-inspirer-innover-engager-pour-demai\/\" \/>\n<meta property=\"og:locale\" content=\"en_US\" \/>\n<meta property=\"og:type\" content=\"article\" \/>\n<meta property=\"og:title\" content=\"Le 10 \u00e8me Colloque EMCC :\u00ab La cr\u00e9ativit\u00e9 comme levier du coaching, Inspirer, innover, engager, pour demai - Sylvie Br\u00e9mond Mookherjee\" \/>\n<meta property=\"og:description\" content=\"Le 10\u00e8me colloque de l&#8217;EMCC, l&#8217;Association Europ\u00e9enne professionnelle de coaching dont je suis membre, sera consacr\u00e9 \u00e0 &#8220;la cr\u00e9ativit\u00e9\u00a0comme levier de coaching&#8221; Nous sommes dans une p\u00e9riode charni\u00e8re ou la sortie de crise ne sera possible qu\u2019avec la remise en cause de nos paradigmes, tant personnels que soci\u00e9taux. Il s\u2019agit aujourd\u2019hui de nous r\u00e9inventer, de [&hellip;]\" \/>\n<meta property=\"og:url\" content=\"https:\/\/www.sylviebremond.com\/en\/2013\/12\/06\/le-10-eme-colloque-emcc-la-creativite-comme-levier-du-coaching-inspirer-innover-engager-pour-demai\/\" \/>\n<meta property=\"og:site_name\" content=\"Sylvie Br\u00e9mond Mookherjee\" \/>\n<meta property=\"article:publisher\" content=\"https:\/\/www.facebook.com\/pg\/sylviebremondmookherjee\/about\/?ref=page_internal\" \/>\n<meta property=\"article:published_time\" content=\"2013-12-06T17:42:00+00:00\" \/>\n<meta property=\"og:image\" content=\"https:\/\/www.sylviebremond.com\/wp-content\/uploads\/2014\/01\/logo_emcc_coaching.png\" \/>\n\t<meta property=\"og:image:width\" content=\"169\" \/>\n\t<meta property=\"og:image:height\" content=\"105\" \/>\n\t<meta property=\"og:image:type\" content=\"image\/png\" \/>\n<meta name=\"author\" content=\"Sylvie Br\u00e9mond\" \/>\n<meta name=\"twitter:label1\" content=\"Written by\" \/>\n\t<meta name=\"twitter:data1\" content=\"Sylvie Br\u00e9mond\" \/>\n\t<meta name=\"twitter:label2\" content=\"Est. reading time\" \/>\n\t<meta name=\"twitter:data2\" content=\"1 minute\" \/>\n<script type=\"application\/ld+json\" class=\"yoast-schema-graph\">{\"@context\":\"https:\/\/schema.org\",\"@graph\":[{\"@type\":\"WebPage\",\"@id\":\"https:\/\/www.sylviebremond.com\/en\/2013\/12\/06\/le-10-eme-colloque-emcc-la-creativite-comme-levier-du-coaching-inspirer-innover-engager-pour-demai\/\",\"url\":\"https:\/\/www.sylviebremond.com\/en\/2013\/12\/06\/le-10-eme-colloque-emcc-la-creativite-comme-levier-du-coaching-inspirer-innover-engager-pour-demai\/\",\"name\":\"Le 10 \u00e8me Colloque EMCC :\u00ab La cr\u00e9ativit\u00e9 comme levier du coaching, Inspirer, innover, engager, pour demai - Sylvie Br\u00e9mond Mookherjee\",\"isPartOf\":{\"@id\":\"https:\/\/www.sylviebremond.com\/#website\"},\"primaryImageOfPage\":{\"@id\":\"https:\/\/www.sylviebremond.com\/en\/2013\/12\/06\/le-10-eme-colloque-emcc-la-creativite-comme-levier-du-coaching-inspirer-innover-engager-pour-demai\/#primaryimage\"},\"image\":{\"@id\":\"https:\/\/www.sylviebremond.com\/en\/2013\/12\/06\/le-10-eme-colloque-emcc-la-creativite-comme-levier-du-coaching-inspirer-innover-engager-pour-demai\/#primaryimage\"},\"thumbnailUrl\":\"http:\/\/www.sylviebremond.com\/wp-content\/uploads\/2014\/01\/logo_emcc_coaching.png\",\"datePublished\":\"2013-12-06T17:42:00+00:00\",\"author\":{\"@id\":\"https:\/\/www.sylviebremond.com\/#\/schema\/person\/4f0336916c9ea1dd70b9e0edb68560fa\"},\"inLanguage\":\"en-US\",\"potentialAction\":[{\"@type\":\"ReadAction\",\"target\":[\"https:\/\/www.sylviebremond.com\/en\/2013\/12\/06\/le-10-eme-colloque-emcc-la-creativite-comme-levier-du-coaching-inspirer-innover-engager-pour-demai\/\"]}]},{\"@type\":\"ImageObject\",\"inLanguage\":\"en-US\",\"@id\":\"https:\/\/www.sylviebremond.com\/en\/2013\/12\/06\/le-10-eme-colloque-emcc-la-creativite-comme-levier-du-coaching-inspirer-innover-engager-pour-demai\/#primaryimage\",\"url\":\"http:\/\/www.sylviebremond.com\/wp-content\/uploads\/2014\/01\/logo_emcc_coaching.png\",\"contentUrl\":\"http:\/\/www.sylviebremond.com\/wp-content\/uploads\/2014\/01\/logo_emcc_coaching.png\"},{\"@type\":\"WebSite\",\"@id\":\"https:\/\/www.sylviebremond.com\/#website\",\"url\":\"https:\/\/www.sylviebremond.com\/\",\"name\":\"Sylvie Br\u00e9mond Mookherjee\",\"description\":\"New ways to lead performance\",\"potentialAction\":[{\"@type\":\"SearchAction\",\"target\":{\"@type\":\"EntryPoint\",\"urlTemplate\":\"https:\/\/www.sylviebremond.com\/?s={search_term_string}\"},\"query-input\":{\"@type\":\"PropertyValueSpecification\",\"valueRequired\":true,\"valueName\":\"search_term_string\"}}],\"inLanguage\":\"en-US\"},{\"@type\":\"Person\",\"@id\":\"https:\/\/www.sylviebremond.com\/#\/schema\/person\/4f0336916c9ea1dd70b9e0edb68560fa\",\"name\":\"Sylvie Br\u00e9mond\",\"image\":{\"@type\":\"ImageObject\",\"inLanguage\":\"en-US\",\"@id\":\"https:\/\/www.sylviebremond.com\/#\/schema\/person\/image\/\",\"url\":\"https:\/\/secure.gravatar.com\/avatar\/7de7a205737650d2ef2de7c1d1a56ac7?s=96&d=mm&r=g\",\"contentUrl\":\"https:\/\/secure.gravatar.com\/avatar\/7de7a205737650d2ef2de7c1d1a56ac7?s=96&d=mm&r=g\",\"caption\":\"Sylvie Br\u00e9mond\"},\"url\":\"https:\/\/www.sylviebremond.com\/en\/author\/sbrem\/\"}]}<\/script>\n<!-- \/ Yoast SEO plugin. -->","yoast_head_json":{"title":"Le 10 \u00e8me Colloque EMCC :\u00ab La cr\u00e9ativit\u00e9 comme levier du coaching, Inspirer, innover, engager, pour demai - Sylvie Br\u00e9mond Mookherjee","robots":{"index":"index","follow":"follow","max-snippet":"max-snippet:-1","max-image-preview":"max-image-preview:large","max-video-preview":"max-video-preview:-1"},"canonical":"https:\/\/www.sylviebremond.com\/en\/2013\/12\/06\/le-10-eme-colloque-emcc-la-creativite-comme-levier-du-coaching-inspirer-innover-engager-pour-demai\/","og_locale":"en_US","og_type":"article","og_title":"Le 10 \u00e8me Colloque EMCC :\u00ab La cr\u00e9ativit\u00e9 comme levier du coaching, Inspirer, innover, engager, pour demai - Sylvie Br\u00e9mond Mookherjee","og_description":"Le 10\u00e8me colloque de l&#8217;EMCC, l&#8217;Association Europ\u00e9enne professionnelle de coaching dont je suis membre, sera consacr\u00e9 \u00e0 &#8220;la cr\u00e9ativit\u00e9\u00a0comme levier de coaching&#8221; Nous sommes dans une p\u00e9riode charni\u00e8re ou la sortie de crise ne sera possible qu\u2019avec la remise en cause de nos paradigmes, tant personnels que soci\u00e9taux. Il s\u2019agit aujourd\u2019hui de nous r\u00e9inventer, de [&hellip;]","og_url":"https:\/\/www.sylviebremond.com\/en\/2013\/12\/06\/le-10-eme-colloque-emcc-la-creativite-comme-levier-du-coaching-inspirer-innover-engager-pour-demai\/","og_site_name":"Sylvie Br\u00e9mond Mookherjee","article_publisher":"https:\/\/www.facebook.com\/pg\/sylviebremondmookherjee\/about\/?ref=page_internal","article_published_time":"2013-12-06T17:42:00+00:00","og_image":[{"width":169,"height":105,"url":"https:\/\/www.sylviebremond.com\/wp-content\/uploads\/2014\/01\/logo_emcc_coaching.png","type":"image\/png"}],"author":"Sylvie Br\u00e9mond","twitter_misc":{"Written by":"Sylvie Br\u00e9mond","Est. reading time":"1 minute"},"schema":{"@context":"https:\/\/schema.org","@graph":[{"@type":"WebPage","@id":"https:\/\/www.sylviebremond.com\/en\/2013\/12\/06\/le-10-eme-colloque-emcc-la-creativite-comme-levier-du-coaching-inspirer-innover-engager-pour-demai\/","url":"https:\/\/www.sylviebremond.com\/en\/2013\/12\/06\/le-10-eme-colloque-emcc-la-creativite-comme-levier-du-coaching-inspirer-innover-engager-pour-demai\/","name":"Le 10 \u00e8me Colloque EMCC :\u00ab La cr\u00e9ativit\u00e9 comme levier du coaching, Inspirer, innover, engager, pour demai - Sylvie Br\u00e9mond Mookherjee","isPartOf":{"@id":"https:\/\/www.sylviebremond.com\/#website"},"primaryImageOfPage":{"@id":"https:\/\/www.sylviebremond.com\/en\/2013\/12\/06\/le-10-eme-colloque-emcc-la-creativite-comme-levier-du-coaching-inspirer-innover-engager-pour-demai\/#primaryimage"},"image":{"@id":"https:\/\/www.sylviebremond.com\/en\/2013\/12\/06\/le-10-eme-colloque-emcc-la-creativite-comme-levier-du-coaching-inspirer-innover-engager-pour-demai\/#primaryimage"},"thumbnailUrl":"http:\/\/www.sylviebremond.com\/wp-content\/uploads\/2014\/01\/logo_emcc_coaching.png","datePublished":"2013-12-06T17:42:00+00:00","author":{"@id":"https:\/\/www.sylviebremond.com\/#\/schema\/person\/4f0336916c9ea1dd70b9e0edb68560fa"},"inLanguage":"en-US","potentialAction":[{"@type":"ReadAction","target":["https:\/\/www.sylviebremond.com\/en\/2013\/12\/06\/le-10-eme-colloque-emcc-la-creativite-comme-levier-du-coaching-inspirer-innover-engager-pour-demai\/"]}]},{"@type":"ImageObject","inLanguage":"en-US","@id":"https:\/\/www.sylviebremond.com\/en\/2013\/12\/06\/le-10-eme-colloque-emcc-la-creativite-comme-levier-du-coaching-inspirer-innover-engager-pour-demai\/#primaryimage","url":"http:\/\/www.sylviebremond.com\/wp-content\/uploads\/2014\/01\/logo_emcc_coaching.png","contentUrl":"http:\/\/www.sylviebremond.com\/wp-content\/uploads\/2014\/01\/logo_emcc_coaching.png"},{"@type":"WebSite","@id":"https:\/\/www.sylviebremond.com\/#website","url":"https:\/\/www.sylviebremond.com\/","name":"Sylvie Br\u00e9mond Mookherjee","description":"New ways to lead performance","potentialAction":[{"@type":"SearchAction","target":{"@type":"EntryPoint","urlTemplate":"https:\/\/www.sylviebremond.com\/?s={search_term_string}"},"query-input":{"@type":"PropertyValueSpecification","valueRequired":true,"valueName":"search_term_string"}}],"inLanguage":"en-US"},{"@type":"Person","@id":"https:\/\/www.sylviebremond.com\/#\/schema\/person\/4f0336916c9ea1dd70b9e0edb68560fa","name":"Sylvie Br\u00e9mond","image":{"@type":"ImageObject","inLanguage":"en-US","@id":"https:\/\/www.sylviebremond.com\/#\/schema\/person\/image\/","url":"https:\/\/secure.gravatar.com\/avatar\/7de7a205737650d2ef2de7c1d1a56ac7?s=96&d=mm&r=g","contentUrl":"https:\/\/secure.gravatar.com\/avatar\/7de7a205737650d2ef2de7c1d1a56ac7?s=96&d=mm&r=g","caption":"Sylvie Br\u00e9mond"},"url":"https:\/\/www.sylviebremond.com\/en\/author\/sbrem\/"}]}},"_links":{"self":[{"href":"https:\/\/www.sylviebremond.com\/en\/wp-json\/wp\/v2\/posts\/3633","targetHints":{"allow":["GET"]}}],"collection":[{"href":"https:\/\/www.sylviebremond.com\/en\/wp-json\/wp\/v2\/posts"}],"about":[{"href":"https:\/\/www.sylviebremond.com\/en\/wp-json\/wp\/v2\/types\/post"}],"author":[{"embeddable":true,"href":"https:\/\/www.sylviebremond.com\/en\/wp-json\/wp\/v2\/users\/3"}],"replies":[{"embeddable":true,"href":"https:\/\/www.sylviebremond.com\/en\/wp-json\/wp\/v2\/comments?post=3633"}],"version-history":[{"count":0,"href":"https:\/\/www.sylviebremond.com\/en\/wp-json\/wp\/v2\/posts\/3633\/revisions"}],"wp:attachment":[{"href":"https:\/\/www.sylviebremond.com\/en\/wp-json\/wp\/v2\/media?parent=3633"}],"wp:term":[{"taxonomy":"category","embeddable":true,"href":"https:\/\/www.sylviebremond.com\/en\/wp-json\/wp\/v2\/categories?post=3633"},{"taxonomy":"post_tag","embeddable":true,"href":"https:\/\/www.sylviebremond.com\/en\/wp-json\/wp\/v2\/tags?post=3633"}],"curies":[{"name":"wp","href":"https:\/\/api.w.org\/{rel}","templated":true}]}}